{"id":4446,"date":"2023-04-16T16:48:13","date_gmt":"2023-04-16T14:48:13","guid":{"rendered":"https:\/\/art-memorials.com\/symbolism-for-memory-curators-choice-december-2022\/"},"modified":"2025-03-23T17:40:14","modified_gmt":"2025-03-23T15:40:14","slug":"symbolik-fuer-erinnerung-wahl-der-kuratoren-2023","status":"publish","type":"post","link":"https:\/\/www.art-memorials.com\/de\/symbolik-fuer-erinnerung-wahl-der-kuratoren-2023\/","title":{"rendered":"&#8220;Symbolik f\u00fcr die Erinnerung&#8221;"},"content":{"rendered":"<div class=\"wp-block-group is-nowrap is-layout-flex wp-container-core-group-is-layout-1 wp-block-group-is-layout-flex\"><p>Written by:<\/p>\n\n<div style=\"text-decoration:underline;\" class=\"has-text-align-left wp-block-post-author-name has-text-color has-black-color has-medium-font-size\"><a href=\"https:\/\/www.art-memorials.com\/de\/author\/admin\/\" target=\"_self\" class=\"wp-block-post-author-name__link\">DIMA<\/a><\/div><\/div><h3 class=\"wp-block-heading\">Auswahl des Kurators &#8211; 2023<\/h3><p>Erinnerungen sind gleichbedeutend mit Symbolik \u2013 sie repr\u00e4sentieren, wer wir sind, woher wir kommen und was wir durchgemacht haben. <\/p><p>Erinnerungen sind gleichbedeutend mit Symbolik \u2013 sie repr\u00e4sentieren, wer wir sind, woher wir kommen und was wir durchgemacht haben. Sie sind ein wesentlicher Bestandteil unserer Identit\u00e4t und die Grundlage unserer Existenz. Erinnerungen erm\u00f6glichen es uns, Erfahrungen wiederzuerleben, aus Fehlern zu lernen und die Momente zu sch\u00e4tzen, die uns definieren.<\/p><p>In diesem Artikel des Kurators untersuchen wir die tiefe Verbindung zwischen Symbolik und Erinnerung und wie das Verst\u00e4ndnis dieser Verbindung uns helfen kann, die Sch\u00f6nheit und Komplexit\u00e4t unserer eigenen Erfahrungen zu sch\u00e4tzen. Lassen Sie uns also eintauchen und die Kraft der Symbolik f\u00fcr die Erinnerung entdecken.<\/p><div style=\"background-color:#f2f2f2;color:#32373c\" class=\"wp-block-genesis-blocks-gb-profile-box square gb-has-avatar gb-font-size-18 gb-block-profile gb-profile-columns\"><div class=\"gb-profile-column gb-profile-avatar-wrap\"><div class=\"gb-profile-image-wrap\"><figure class=\"gb-profile-image-square\"><img loading=\"lazy\" decoding=\"async\" width=\"500\" height=\"500\" class=\"gb-profile-avatar wp-image-3995\" src=\"https:\/\/art-memorials.com\/wp-content\/uploads\/2022\/12\/am-curator-e1670500147900.jpg\" alt=\"\" srcset=\"https:\/\/www.art-memorials.com\/wp-content\/uploads\/2022\/12\/am-curator-e1670500147900.jpg 500w, https:\/\/www.art-memorials.com\/wp-content\/uploads\/2022\/12\/am-curator-e1670500147900-100x100.jpg 100w, https:\/\/www.art-memorials.com\/wp-content\/uploads\/2022\/12\/am-curator-e1670500147900-64x64.jpg 64w, https:\/\/www.art-memorials.com\/wp-content\/uploads\/2022\/12\/am-curator-e1670500147900-300x300.jpg 300w, https:\/\/www.art-memorials.com\/wp-content\/uploads\/2022\/12\/am-curator-e1670500147900-150x150.jpg 150w, https:\/\/www.art-memorials.com\/wp-content\/uploads\/2022\/12\/am-curator-e1670500147900-400x400.jpg 400w, https:\/\/www.art-memorials.com\/wp-content\/uploads\/2022\/12\/am-curator-e1670500147900-68x68.jpg 68w, https:\/\/www.art-memorials.com\/wp-content\/uploads\/2022\/12\/am-curator-e1670500147900-250x250.jpg 250w, https:\/\/www.art-memorials.com\/wp-content\/uploads\/2022\/12\/am-curator-e1670500147900-350x350.jpg 350w, https:\/\/www.art-memorials.com\/wp-content\/uploads\/2022\/12\/am-curator-e1670500147900-75x75.jpg 75w, https:\/\/www.art-memorials.com\/wp-content\/uploads\/2022\/12\/am-curator-e1670500147900-370x370.jpg 370w\" sizes=\"auto, (max-width: 500px) 100vw, 500px\" \/><\/figure><\/div><\/div><div class=\"gb-profile-column gb-profile-content-wrap\"><h2 class=\"gb-profile-name\" style=\"color:#32373c\">Eliza Sereda<\/h2><p class=\"gb-profile-title\" style=\"color:#32373c\"><\/p><div class=\"gb-profile-text\"><p>Urspr\u00fcnglich aus der Ukraine stammend, lebt sie jetzt in S\u00fcdkorea, wo sie im Fach Kunst- und Kulturmanagement promoviert. <\/p><p>Eliza erhielt ihren Bachelor-Abschluss in Innenarchitektur im Jahr 2019. Im Jahr 2021 erhielt sie ihren Master-Abschluss in Kunstvermittlung an der Akademie der K\u00fcnste in Breslau mit einer Arbeit \u00fcber Symbole in virtuellen und nat\u00fcrlichen Formen der Kommunikation. <\/p><p>&#8220;Wenn ich auf mich zur\u00fcckblicke, war die Kunst immer ein Teil meines Lebens. Da ich aus einer K\u00fcnstlerfamilie stamme, war ich von Kindheit an von B\u00fcchern \u00fcber Kunst und Design umgeben und habe immer wieder unglaubliche Performances und Kollaborationen von lokalen Dichtern, K\u00fcnstlern und Aktionisten erlebt. Infolgedessen war ich vernarrt in die Sch\u00f6pfung.<\/p><p>Ich bin daran interessiert, kreative Prozesse zu kuratieren und auf diese Weise Kultur zu entwickeln, indem ich sie einer breiten \u00d6ffentlichkeit nahe bringe und dazu beitrage, geeignete Kan\u00e4le f\u00fcr ihre Vermittlung zu finden.&#8221;<\/p><p>Die aktuelle Auswahl der Curator&#8217;s Choice spiegelt eine Vision wider, die als Medium zur \u00dcbertragung von Gef\u00fchlen offen f\u00fcr Interpretationen ist.<\/p><p><\/p><\/div><ul class=\"gb-social-links\"><\/ul><\/div><\/div><hr class=\"wp-block-separator has-alpha-channel-opacity is-style-wide\"\/><div class=\"wp-block-columns is-layout-flex wp-container-core-columns-is-layout-1 wp-block-columns-is-layout-flex\"><div class=\"wp-block-column is-layout-flow wp-block-column-is-layout-flow\" style=\"flex-basis:40%\"><div data-block-name=\"woocommerce\/featured-product\" data-dim-ratio=\"30\" data-edit-mode=\"false\" data-focal-point=\"{&quot;x&quot;:0.29,&quot;y&quot;:0.88}\" data-image-fit=\"cover\" data-product-id=\"4318\" data-show-desc=\"false\" data-show-price=\"false\" class=\"wc-block-featured-product alignnone has-background-dim has-background-dim-30 wp-block-woocommerce-featured-product\" style=\"min-height:500px;\"><div class=\"wc-block-featured-product__wrapper\"><div class=\"background-dim__overlay\" style=\"background-color: #000000\"><\/div><img decoding=\"async\" alt=\"Luna\" class=\"wc-block-featured-product__background-image\" src=\"https:\/\/www.art-memorials.com\/wp-content\/uploads\/2022\/09\/Luna-1024x1024.jpg\" style=\"object-fit: cover;object-position: 29% 88%;\" \/><h2 class=\"wc-block-featured-product__title\">Luna<\/h2><div class=\"wc-block-featured-product__link\">\n<div class=\"wp-block-buttons is-content-justification-center is-layout-flex wp-container-core-buttons-is-layout-1 wp-block-buttons-is-layout-flex\"><div class=\"wp-block-button\"><a class=\"wp-block-button__link wp-element-button\" href=\"https:\/\/art-memorials.com\/product\/luna\/\">Jetzt ansehen<\/a><\/div><\/div>\n<\/div><\/div><\/div><\/div>\n\n<div class=\"wp-block-column is-layout-flow wp-block-column-is-layout-flow\" style=\"flex-basis:60%\"><h3 class=\"wp-block-heading\">Luna<\/h3>\n\n<p>KC30053 &#8211; Suzanne Willems<\/p>\n\n<p><span><em style=\"font-weight: bold;\">&#8220;Diese Urne aus Keramik wurde so gestaltet, dass sie den Charakter des Tieres widerspiegelt und das Andenken an einen geliebten vierbeinigen Begleiter ehrt.&#8221;<\/em><\/span><\/p>\n\n<p>Ehren Sie Ihr Haustier mit dieser Keramikurne. Wenn der Porzellanhund auf dem Fr\u00fchlingsball mit Blumen dem Kommando gehorcht, wird &#8220;Luna&#8221; Sie an Ihren treuen Hund erinnern, der immer der beste Begleiter war. Sie werden bei 1040 Grad gebrannt und glasiert und sind nicht frostbest\u00e4ndig.<\/p>\n\n<p>Sehen Sie sich auch die alternativen Ausf\u00fchrungen dieser Urne an.<\/p><\/div><\/div><hr class=\"wp-block-separator has-alpha-channel-opacity is-style-wide\"\/><div class=\"wp-block-columns is-layout-flex wp-container-core-columns-is-layout-2 wp-block-columns-is-layout-flex\"><div class=\"wp-block-column is-layout-flow wp-block-column-is-layout-flow\" style=\"flex-basis:40%\"><div data-block-name=\"woocommerce\/featured-product\" data-dim-ratio=\"30\" data-edit-mode=\"false\" data-focal-point=\"{&quot;x&quot;:0.29,&quot;y&quot;:0.88}\" data-image-fit=\"cover\" data-product-id=\"4430\" class=\"wc-block-featured-product alignnone has-background-dim has-background-dim-30 wp-block-woocommerce-featured-product\" style=\"min-height:500px;\"><div class=\"wc-block-featured-product__wrapper\"><div class=\"background-dim__overlay\" style=\"background-color: #000000\"><\/div><h2 class=\"wc-block-featured-product__title\">Die geometrische Taube<\/h2><div class=\"wc-block-featured-product__description\"><p>Farboffsetlithografie<br \/>\n2022<br \/>\nHandsigniert und datiert<br \/>\nIn gutem Zustand<\/p>\n<\/div><div class=\"wc-block-featured-product__price\"><span class=\"woocommerce-Price-amount amount\"><span class=\"woocommerce-Price-currencySymbol\">&euro;<\/span>400,00<\/span><\/div><div class=\"wc-block-featured-product__link\">\n<div class=\"wp-block-buttons is-content-justification-center is-layout-flex wp-container-core-buttons-is-layout-2 wp-block-buttons-is-layout-flex\"><div class=\"wp-block-button\"><a class=\"wp-block-button__link wp-element-button\" href=\"https:\/\/art-memorials.com\/product\/geometric-dove\/\">Jetzt ansehen<\/a><\/div><\/div>\n<\/div><\/div><\/div><\/div>\n\n<div class=\"wp-block-column is-layout-flow wp-block-column-is-layout-flow\" style=\"flex-basis:60%\"><h3 class=\"wp-block-heading\">Geometric Dove<\/h3>\n\n<p>KC01989 &#8211; Frank Shepard Fairey<\/p>\n\n<p><em><strong><span>&#8220;<\/span>Dieses Werk verbindet auf perfekte Weise die \u00c4sthetik der Mitte des 20. Jahrhunderts mit einem Symbol der Hoffnung, das sich seit Jahrhunderten nicht ver\u00e4ndert hat.<span>&#8220;<\/span><\/strong><\/em><\/p>\n\n<p>Mit einer Taube in moderner geometrischer Komposition und stilisiert in Blau-, Schwarz- und Rott\u00f6nen erinnert das St\u00fcck an den Stil der Jahrhundertmitte. Nach altem Glauben verwandelt sich die Seele eines Menschen, der gestorben ist, in eine Taube. Daher kann diese zarte Grafik zu einer symbolischen Erinnerung an einen geliebten Menschen werden.<\/p>\n\n<p><\/p><\/div><\/div><hr class=\"wp-block-separator has-alpha-channel-opacity is-style-wide\"\/><div class=\"wp-block-columns is-layout-flex wp-container-core-columns-is-layout-3 wp-block-columns-is-layout-flex\"><div class=\"wp-block-column is-layout-flow wp-block-column-is-layout-flow\" style=\"flex-basis:40%\"><\/div>\n\n<div class=\"wp-block-column is-layout-flow wp-block-column-is-layout-flow\" style=\"flex-basis:60%\"><h3 class=\"wp-block-heading\">Skull<\/h3>\n\n<p>KC00452 &#8211; Gerhard Richter<\/p>\n\n<p><em><strong><span>&#8220;<\/span>Dieses Werk verbindet auf perfekte Weise die \u00c4sthetik der Mitte des 20. Jahrhunderts mit einem Symbol der Hoffnung, das sich seit Jahrhunderten nicht ver\u00e4ndert hat.<span>&#8220;<\/span><\/strong><\/em><\/p>\n\n<p>Der unscharfe menschliche Sch\u00e4del bei unterschiedlichem nat\u00fcrlichem Licht bezieht sich auf eine lange Tradition der Memento-mori-Malerei von Stillleben. Lithograph after a photograph taken by Richter in his studio from the series Skulls of 1982 and 1983.<\/p>\n\n<p><\/p><\/div><\/div><hr class=\"wp-block-separator has-alpha-channel-opacity is-style-wide\"\/><div class=\"wp-block-columns is-layout-flex wp-container-core-columns-is-layout-4 wp-block-columns-is-layout-flex\"><div class=\"wp-block-column is-layout-flow wp-block-column-is-layout-flow\" style=\"flex-basis:40%\"><div data-block-name=\"woocommerce\/featured-product\" data-dim-ratio=\"30\" data-edit-mode=\"false\" data-focal-point=\"{&quot;x&quot;:0.29,&quot;y&quot;:0.88}\" data-image-fit=\"cover\" data-product-id=\"4431\" class=\"wc-block-featured-product alignnone has-background-dim has-background-dim-30 wp-block-woocommerce-featured-product\" style=\"min-height:500px;\"><div class=\"wc-block-featured-product__wrapper\"><div class=\"background-dim__overlay\" style=\"background-color: #000000\"><\/div><img decoding=\"async\" alt=\"Erde\" class=\"wc-block-featured-product__background-image\" src=\"https:\/\/www.art-memorials.com\/wp-content\/uploads\/2022\/12\/earth-lili-yuan-974x1024.jpg\" style=\"object-fit: cover;object-position: 29% 88%;\" \/><h2 class=\"wc-block-featured-product__title\">Erde<\/h2><div class=\"wc-block-featured-product__description\"><p>Monochrome abstrakte Tuschemalerei<\/p>\n<\/div><div class=\"wc-block-featured-product__price\"><span class=\"woocommerce-Price-amount amount\"><span class=\"woocommerce-Price-currencySymbol\">&euro;<\/span>390,00<\/span><\/div><div class=\"wc-block-featured-product__link\">\n<div class=\"wp-block-buttons is-content-justification-center is-layout-flex wp-container-core-buttons-is-layout-4 wp-block-buttons-is-layout-flex\"><div class=\"wp-block-button\"><a class=\"wp-block-button__link wp-element-button\" href=\"https:\/\/art-memorials.com\/product\/earth\/\">Jetzt ansehen<\/a><\/div><\/div>\n<\/div><\/div><\/div><\/div>\n\n<div class=\"wp-block-column is-layout-flow wp-block-column-is-layout-flow\" style=\"flex-basis:60%\"><h3 class=\"wp-block-heading\">Erde<\/h3>\n\n<p>KC90823 &#8211; Lili Yuan<\/p>\n\n<p><em><strong><span>&#8220;<\/span>Spiegelt die nat\u00fcrliche Harmonie und die Einheit mit der umgebenden Welt wider. Aufmerksamkeit f\u00fcr den Platz des Menschen in der Welt sowie Einf\u00fchlungsverm\u00f6gen f\u00fcr jedes Lebewesen.<span>&#8220;<\/span><\/strong><\/em><\/p>\n\n<p>Grafiken aus einer Serie mit dem Titel &#8220;F\u00fcnf Elemente der daoistischen Philosophie&#8221; in Tusche und Goldelementen.<\/p>\n\n<p><\/p><\/div><\/div><hr class=\"wp-block-separator has-alpha-channel-opacity is-style-wide\"\/><div class=\"wp-block-columns is-layout-flex wp-container-core-columns-is-layout-5 wp-block-columns-is-layout-flex\"><div class=\"wp-block-column is-layout-flow wp-block-column-is-layout-flow\" style=\"flex-basis:40%\"><div data-block-name=\"woocommerce\/featured-product\" data-dim-ratio=\"30\" data-edit-mode=\"false\" data-focal-point=\"{&quot;x&quot;:0.29,&quot;y&quot;:0.88}\" data-image-fit=\"cover\" data-product-id=\"4429\" class=\"wc-block-featured-product alignnone has-background-dim has-background-dim-30 wp-block-woocommerce-featured-product\" style=\"min-height:500px;\"><div class=\"wc-block-featured-product__wrapper\"><div class=\"background-dim__overlay\" style=\"background-color: #000000\"><\/div><img decoding=\"async\" alt=\"Komposition\" class=\"wc-block-featured-product__background-image\" src=\"https:\/\/www.art-memorials.com\/wp-content\/uploads\/2022\/12\/composition-pino-masnata.jpg\" style=\"object-fit: cover;object-position: 29% 88%;\" \/><h2 class=\"wc-block-featured-product__title\">Komposition<\/h2><div class=\"wc-block-featured-product__description\"><\/div><div class=\"wc-block-featured-product__price\"><span class=\"woocommerce-Price-amount amount\"><span class=\"woocommerce-Price-currencySymbol\">&euro;<\/span>390,00<\/span><\/div><div class=\"wc-block-featured-product__link\">\n<div class=\"wp-block-buttons is-content-justification-center is-layout-flex wp-container-core-buttons-is-layout-5 wp-block-buttons-is-layout-flex\"><div class=\"wp-block-button\"><a class=\"wp-block-button__link wp-element-button\" href=\"https:\/\/art-memorials.com\/product\/composition\/\">Jetzt ansehen<\/a><\/div><\/div>\n<\/div><\/div><\/div><\/div>\n\n<div class=\"wp-block-column is-layout-flow wp-block-column-is-layout-flow\" style=\"flex-basis:60%\"><h3 class=\"wp-block-heading\">Komposition<\/h3>\n\n<p>KC01382 &#8211; Pino Masnata<\/p>\n\n<p><em><strong><span>&#8220;<\/span>Futuristisch verformte Komposition mit freiem Vers, der sich dynamisch dreht und die Verg\u00e4nglichkeit des Lebens beschreibt.<span>&#8220;<\/span><\/strong><\/em><\/p>\n\n<p><\/p>\n\n<p><\/p><\/div><\/div><hr class=\"wp-block-separator has-alpha-channel-opacity is-style-wide\"\/><div class=\"wp-block-columns is-layout-flex wp-container-core-columns-is-layout-6 wp-block-columns-is-layout-flex\"><div class=\"wp-block-column is-layout-flow wp-block-column-is-layout-flow\" style=\"flex-basis:40%\"><div data-block-name=\"woocommerce\/featured-product\" data-dim-ratio=\"30\" data-edit-mode=\"false\" data-focal-point=\"{&quot;x&quot;:0.29,&quot;y&quot;:0.88}\" data-image-fit=\"cover\" data-product-id=\"4427\" class=\"wc-block-featured-product alignnone has-background-dim has-background-dim-30 wp-block-woocommerce-featured-product\" style=\"min-height:500px;\"><div class=\"wc-block-featured-product__wrapper\"><div class=\"background-dim__overlay\" style=\"background-color: #000000\"><\/div><img decoding=\"async\" alt=\"French Lily - die franz\u00f6sische Lilie\" class=\"wc-block-featured-product__background-image\" src=\"https:\/\/www.art-memorials.com\/wp-content\/uploads\/2022\/12\/french-lily-eva-ruhland.jpg\" style=\"object-fit: cover;object-position: 29% 88%;\" \/><h2 class=\"wc-block-featured-product__title\">French Lily &#8211; die franz\u00f6sische Lilie<\/h2><div class=\"wc-block-featured-product__description\"><ul>\n<li>Farboffsetlithographie<\/li>\n<li>von Hand signiert<\/li>\n<li>In guter Kondition<\/li>\n<\/ul>\n<\/div><div class=\"wc-block-featured-product__price\"><span class=\"woocommerce-Price-amount amount\"><span class=\"woocommerce-Price-currencySymbol\">&euro;<\/span>150,00<\/span><\/div><div class=\"wc-block-featured-product__link\">\n<div class=\"wp-block-buttons is-content-justification-center is-layout-flex wp-container-core-buttons-is-layout-6 wp-block-buttons-is-layout-flex\"><div class=\"wp-block-button\"><a class=\"wp-block-button__link wp-element-button\" href=\"https:\/\/art-memorials.com\/product\/french-lily\/\">Jetzt ansehen<\/a><\/div><\/div>\n<\/div><\/div><\/div><\/div>\n\n<div class=\"wp-block-column is-layout-flow wp-block-column-is-layout-flow\" style=\"flex-basis:60%\"><h3 class=\"wp-block-heading\">French Lily<\/h3>\n\n<p>KC01525 &#8211; Eva Ruhland<\/p>\n\n<p><strong><em><span>&#8220;<\/span>Eine sich vermehrende Lilie auf dunkelblauem Grund symbolisiert in der Heraldik Heilige oder Gesegnete. Verk\u00f6rpern Sie Brillanz, Mut und Edelmut, aber auch Ehrlichkeit und Hingabe.<span>&#8220;<\/span><\/em><\/strong><\/p>\n\n<p><\/p>\n\n<p><\/p><\/div><\/div><hr class=\"wp-block-separator has-alpha-channel-opacity is-style-wide\"\/><div class=\"wp-block-columns is-layout-flex wp-container-core-columns-is-layout-7 wp-block-columns-is-layout-flex\"><div class=\"wp-block-column is-layout-flow wp-block-column-is-layout-flow\" style=\"flex-basis:40%\"><div data-block-name=\"woocommerce\/featured-product\" data-dim-ratio=\"30\" data-edit-mode=\"false\" data-focal-point=\"{&quot;x&quot;:0.29,&quot;y&quot;:0.88}\" data-image-fit=\"cover\" data-product-id=\"4426\" class=\"wc-block-featured-product alignnone has-background-dim has-background-dim-30 wp-block-woocommerce-featured-product\" style=\"min-height:500px;\"><div class=\"wc-block-featured-product__wrapper\"><div class=\"background-dim__overlay\" style=\"background-color: #000000\"><\/div><img decoding=\"async\" alt=\"Upgrade 1\" class=\"wc-block-featured-product__background-image\" src=\"https:\/\/www.art-memorials.com\/wp-content\/uploads\/2022\/12\/upgrade-1-laura-beaupont-1024x1024.jpg\" style=\"object-fit: cover;object-position: 29% 88%;\" \/><h2 class=\"wc-block-featured-product__title\">Upgrade 1<\/h2><div class=\"wc-block-featured-product__description\"><\/div><div class=\"wc-block-featured-product__price\"><span class=\"woocommerce-Price-amount amount\"><span class=\"woocommerce-Price-currencySymbol\">&euro;<\/span>950,00<\/span><\/div><div class=\"wc-block-featured-product__link\">\n<div class=\"wp-block-buttons is-content-justification-center is-layout-flex wp-container-core-buttons-is-layout-7 wp-block-buttons-is-layout-flex\"><div class=\"wp-block-button\"><a class=\"wp-block-button__link wp-element-button\" href=\"https:\/\/art-memorials.com\/product\/upgrade-1\/\">Jetzt ansehen<\/a><\/div><\/div>\n<\/div><\/div><\/div><\/div>\n\n<div class=\"wp-block-column is-layout-flow wp-block-column-is-layout-flow\" style=\"flex-basis:60%\"><h3 class=\"wp-block-heading\">Upgrade 1<\/h3>\n\n<p>KC90947 &#8211; Beaupont<\/p>\n\n<p><em><strong><span>&#8220;<\/span>Mit einer Kombination aus Kunst und Handwerkstechniken ist dieses Kunstwerk reich an Symbolik. Es ist zentralisiert, wie F\u00e4den gespannt und l\u00e4utet sogar Glocken, damit man sowohl sich selbst als auch das gesamte Universum sehen kann.<span>&#8220;<\/span><\/strong><\/em><\/p>\n\n<p><\/p>\n\n<p><\/p><\/div><\/div><hr class=\"wp-block-separator has-alpha-channel-opacity is-style-wide\"\/><div class=\"wp-block-group\"><div class=\"wp-block-group__inner-container is-layout-constrained wp-block-group-is-layout-constrained\"><h3 class=\"wp-block-heading\">Hervorgehobene Kunstwerke <\/h3>\n\n<p>Alle Kunstwerke, die in dieser Ausgabe von Curator Choice besprochen werden.<\/p>\n\n<div data-block-name=\"woocommerce\/handpicked-products\" data-products=\"[4429,4431,4427,4430,1843,4426,4318]\" class=\"wc-block-grid wp-block-handpicked-products wp-block-woocommerce-handpicked-products wc-block-handpicked-products has-3-columns has-multiple-rows\"><ul class=\"wc-block-grid__products\"><li class=\"wc-block-grid__product\">\n\t\t\t\t<a href=\"https:\/\/www.art-memorials.com\/de\/artwork\/upgrade-1\/\" class=\"wc-block-grid__product-link\">\n\t\t\t\t\t\n\t\t\t\t\t<div class=\"wc-block-grid__product-image\"><img loading=\"lazy\" decoding=\"async\" width=\"800\" height=\"800\" src=\"https:\/\/www.art-memorials.com\/wp-content\/uploads\/2022\/12\/upgrade-1-laura-beaupont-800x800.jpg\" class=\"attachment-woocommerce_thumbnail size-woocommerce_thumbnail\" alt=\"Upgrade 1\" srcset=\"https:\/\/www.art-memorials.com\/wp-content\/uploads\/2022\/12\/upgrade-1-laura-beaupont-800x800.jpg 800w, https:\/\/www.art-memorials.com\/wp-content\/uploads\/2022\/12\/upgrade-1-laura-beaupont-100x100.jpg 100w, https:\/\/www.art-memorials.com\/wp-content\/uploads\/2022\/12\/upgrade-1-laura-beaupont-1200x1200.jpg 1200w, https:\/\/www.art-memorials.com\/wp-content\/uploads\/2022\/12\/upgrade-1-laura-beaupont-64x64.jpg 64w, https:\/\/www.art-memorials.com\/wp-content\/uploads\/2022\/12\/upgrade-1-laura-beaupont-300x300.jpg 300w, https:\/\/www.art-memorials.com\/wp-content\/uploads\/2022\/12\/upgrade-1-laura-beaupont-1024x1024.jpg 1024w, https:\/\/www.art-memorials.com\/wp-content\/uploads\/2022\/12\/upgrade-1-laura-beaupont-150x150.jpg 150w, https:\/\/www.art-memorials.com\/wp-content\/uploads\/2022\/12\/upgrade-1-laura-beaupont-768x768.jpg 768w, https:\/\/www.art-memorials.com\/wp-content\/uploads\/2022\/12\/upgrade-1-laura-beaupont-1536x1536.jpg 1536w, https:\/\/www.art-memorials.com\/wp-content\/uploads\/2022\/12\/upgrade-1-laura-beaupont-2048x2048.jpg 2048w, https:\/\/www.art-memorials.com\/wp-content\/uploads\/2022\/12\/upgrade-1-laura-beaupont-600x600.jpg 600w, https:\/\/www.art-memorials.com\/wp-content\/uploads\/2022\/12\/upgrade-1-laura-beaupont-1150x1150.jpg 1150w, https:\/\/www.art-memorials.com\/wp-content\/uploads\/2022\/12\/upgrade-1-laura-beaupont-750x750.jpg 750w, https:\/\/www.art-memorials.com\/wp-content\/uploads\/2022\/12\/upgrade-1-laura-beaupont-400x400.jpg 400w, https:\/\/www.art-memorials.com\/wp-content\/uploads\/2022\/12\/upgrade-1-laura-beaupont-68x68.jpg 68w, https:\/\/www.art-memorials.com\/wp-content\/uploads\/2022\/12\/upgrade-1-laura-beaupont-250x250.jpg 250w, https:\/\/www.art-memorials.com\/wp-content\/uploads\/2022\/12\/upgrade-1-laura-beaupont-350x350.jpg 350w, https:\/\/www.art-memorials.com\/wp-content\/uploads\/2022\/12\/upgrade-1-laura-beaupont-75x75.jpg 75w, https:\/\/www.art-memorials.com\/wp-content\/uploads\/2022\/12\/upgrade-1-laura-beaupont-370x370.jpg 370w\" sizes=\"auto, (max-width: 800px) 100vw, 800px\" \/><\/div>\n\t\t\t\t\t<div class=\"wc-block-grid__product-title\">Upgrade 1<\/div>\n\t\t\t\t<\/a>\n\t\t\t\t<div class=\"wc-block-grid__product-price price\"><span class=\"woocommerce-Price-amount amount\"><span class=\"woocommerce-Price-currencySymbol\">&euro;<\/span>950,00<\/span><\/div>\n\t\t\t\t\n\t\t\t\t<div class=\"wp-block-button wc-block-grid__product-add-to-cart\"><a href=\"?add-to-cart=4426\" aria-label=\"In den Warenkorb legen: \u201eUpgrade 1\u201c\" data-quantity=\"1\" data-product_id=\"4426\" data-product_sku=\"KC90947\" data-price=\"950\" rel=\"nofollow\" class=\"wp-block-button__link  add_to_cart_button ajax_add_to_cart\">In den Warenkorb<\/a><\/div>\n\t\t\t<\/li><li class=\"wc-block-grid__product\">\n\t\t\t\t<a href=\"https:\/\/www.art-memorials.com\/de\/artwork\/franzosische-lilie\/\" class=\"wc-block-grid__product-link\">\n\t\t\t\t\t\n\t\t\t\t\t<div class=\"wc-block-grid__product-image\"><img loading=\"lazy\" decoding=\"async\" width=\"500\" height=\"376\" src=\"https:\/\/www.art-memorials.com\/wp-content\/uploads\/2022\/12\/french-lily-eva-ruhland.jpg\" class=\"attachment-woocommerce_thumbnail size-woocommerce_thumbnail\" alt=\"French Lily - die franz\u00f6sische Lilie\" srcset=\"https:\/\/www.art-memorials.com\/wp-content\/uploads\/2022\/12\/french-lily-eva-ruhland.jpg 500w, https:\/\/www.art-memorials.com\/wp-content\/uploads\/2022\/12\/french-lily-eva-ruhland-64x48.jpg 64w, https:\/\/www.art-memorials.com\/wp-content\/uploads\/2022\/12\/french-lily-eva-ruhland-300x226.jpg 300w, https:\/\/www.art-memorials.com\/wp-content\/uploads\/2022\/12\/french-lily-eva-ruhland-400x301.jpg 400w, https:\/\/www.art-memorials.com\/wp-content\/uploads\/2022\/12\/french-lily-eva-ruhland-68x51.jpg 68w, https:\/\/www.art-memorials.com\/wp-content\/uploads\/2022\/12\/french-lily-eva-ruhland-250x188.jpg 250w\" sizes=\"auto, (max-width: 500px) 100vw, 500px\" \/><\/div>\n\t\t\t\t\t<div class=\"wc-block-grid__product-title\">French Lily &#8211; die franz\u00f6sische Lilie<\/div>\n\t\t\t\t<\/a>\n\t\t\t\t<div class=\"wc-block-grid__product-price price\"><span class=\"woocommerce-Price-amount amount\"><span class=\"woocommerce-Price-currencySymbol\">&euro;<\/span>150,00<\/span><\/div>\n\t\t\t\t\n\t\t\t\t<div class=\"wp-block-button wc-block-grid__product-add-to-cart\"><a href=\"?add-to-cart=4427\" aria-label=\"In den Warenkorb legen: \u201eFrench Lily - die franz\u00f6sische Lilie\u201c\" data-quantity=\"1\" data-product_id=\"4427\" data-product_sku=\"KC01525\" data-price=\"150\" rel=\"nofollow\" class=\"wp-block-button__link  add_to_cart_button ajax_add_to_cart\">In den Warenkorb<\/a><\/div>\n\t\t\t<\/li><li class=\"wc-block-grid__product\">\n\t\t\t\t<a href=\"https:\/\/www.art-memorials.com\/de\/artwork\/komposition\/\" class=\"wc-block-grid__product-link\">\n\t\t\t\t\t\n\t\t\t\t\t<div class=\"wc-block-grid__product-image\"><img loading=\"lazy\" decoding=\"async\" width=\"500\" height=\"494\" src=\"https:\/\/www.art-memorials.com\/wp-content\/uploads\/2022\/12\/composition-pino-masnata.jpg\" class=\"attachment-woocommerce_thumbnail size-woocommerce_thumbnail\" alt=\"Komposition\" srcset=\"https:\/\/www.art-memorials.com\/wp-content\/uploads\/2022\/12\/composition-pino-masnata.jpg 500w, https:\/\/www.art-memorials.com\/wp-content\/uploads\/2022\/12\/composition-pino-masnata-100x100.jpg 100w, https:\/\/www.art-memorials.com\/wp-content\/uploads\/2022\/12\/composition-pino-masnata-64x63.jpg 64w, https:\/\/www.art-memorials.com\/wp-content\/uploads\/2022\/12\/composition-pino-masnata-300x296.jpg 300w, https:\/\/www.art-memorials.com\/wp-content\/uploads\/2022\/12\/composition-pino-masnata-400x395.jpg 400w, https:\/\/www.art-memorials.com\/wp-content\/uploads\/2022\/12\/composition-pino-masnata-68x68.jpg 68w, https:\/\/www.art-memorials.com\/wp-content\/uploads\/2022\/12\/composition-pino-masnata-250x247.jpg 250w, https:\/\/www.art-memorials.com\/wp-content\/uploads\/2022\/12\/composition-pino-masnata-75x75.jpg 75w\" sizes=\"auto, (max-width: 500px) 100vw, 500px\" \/><\/div>\n\t\t\t\t\t<div class=\"wc-block-grid__product-title\">Komposition<\/div>\n\t\t\t\t<\/a>\n\t\t\t\t<div class=\"wc-block-grid__product-price price\"><span class=\"woocommerce-Price-amount amount\"><span class=\"woocommerce-Price-currencySymbol\">&euro;<\/span>390,00<\/span><\/div>\n\t\t\t\t\n\t\t\t\t<div class=\"wp-block-button wc-block-grid__product-add-to-cart\"><a href=\"?add-to-cart=4429\" aria-label=\"In den Warenkorb legen: \u201eKomposition\u201c\" data-quantity=\"1\" data-product_id=\"4429\" data-product_sku=\"KC01382\" data-price=\"390\" rel=\"nofollow\" class=\"wp-block-button__link  add_to_cart_button ajax_add_to_cart\">In den Warenkorb<\/a><\/div>\n\t\t\t<\/li><li class=\"wc-block-grid__product\">\n\t\t\t\t<a href=\"https:\/\/www.art-memorials.com\/de\/artwork\/erde\/\" class=\"wc-block-grid__product-link\">\n\t\t\t\t\t\n\t\t\t\t\t<div class=\"wc-block-grid__product-image\"><img loading=\"lazy\" decoding=\"async\" width=\"800\" height=\"800\" src=\"https:\/\/www.art-memorials.com\/wp-content\/uploads\/2022\/12\/earth-lili-yuan-800x800.jpg\" class=\"attachment-woocommerce_thumbnail size-woocommerce_thumbnail\" alt=\"Erde\" srcset=\"https:\/\/www.art-memorials.com\/wp-content\/uploads\/2022\/12\/earth-lili-yuan-800x800.jpg 800w, https:\/\/www.art-memorials.com\/wp-content\/uploads\/2022\/12\/earth-lili-yuan-100x100.jpg 100w, https:\/\/www.art-memorials.com\/wp-content\/uploads\/2022\/12\/earth-lili-yuan-150x150.jpg 150w, https:\/\/www.art-memorials.com\/wp-content\/uploads\/2022\/12\/earth-lili-yuan-600x600.jpg 600w, https:\/\/www.art-memorials.com\/wp-content\/uploads\/2022\/12\/earth-lili-yuan-68x68.jpg 68w, https:\/\/www.art-memorials.com\/wp-content\/uploads\/2022\/12\/earth-lili-yuan-250x250.jpg 250w, https:\/\/www.art-memorials.com\/wp-content\/uploads\/2022\/12\/earth-lili-yuan-750x750.jpg 750w, https:\/\/www.art-memorials.com\/wp-content\/uploads\/2022\/12\/earth-lili-yuan-400x400.jpg 400w, https:\/\/www.art-memorials.com\/wp-content\/uploads\/2022\/12\/earth-lili-yuan-350x350.jpg 350w, https:\/\/www.art-memorials.com\/wp-content\/uploads\/2022\/12\/earth-lili-yuan-75x75.jpg 75w, https:\/\/www.art-memorials.com\/wp-content\/uploads\/2022\/12\/earth-lili-yuan-370x370.jpg 370w\" sizes=\"auto, (max-width: 800px) 100vw, 800px\" \/><\/div>\n\t\t\t\t\t<div class=\"wc-block-grid__product-title\">Erde<\/div>\n\t\t\t\t<\/a>\n\t\t\t\t<div class=\"wc-block-grid__product-price price\"><span class=\"woocommerce-Price-amount amount\"><span class=\"woocommerce-Price-currencySymbol\">&euro;<\/span>390,00<\/span><\/div>\n\t\t\t\t\n\t\t\t\t<div class=\"wp-block-button wc-block-grid__product-add-to-cart\"><a href=\"?add-to-cart=4431\" aria-label=\"In den Warenkorb legen: \u201eErde\u201c\" data-quantity=\"1\" data-product_id=\"4431\" data-product_sku=\"KC90823\" data-price=\"390\" rel=\"nofollow\" class=\"wp-block-button__link  add_to_cart_button ajax_add_to_cart\">In den Warenkorb<\/a><\/div>\n\t\t\t<\/li><li class=\"wc-block-grid__product\">\n\t\t\t\t<a href=\"https:\/\/www.art-memorials.com\/de\/artwork\/geometrische-taube\/\" class=\"wc-block-grid__product-link\">\n\t\t\t\t\t\n\t\t\t\t\t<div class=\"wc-block-grid__product-image\"><img loading=\"lazy\" decoding=\"async\" width=\"800\" height=\"800\" src=\"https:\/\/www.art-memorials.com\/wp-content\/uploads\/woocommerce-placeholder-800x800.png\" class=\"woocommerce-placeholder wp-post-image\" alt=\"\" srcset=\"https:\/\/www.art-memorials.com\/wp-content\/uploads\/woocommerce-placeholder-800x800.png 800w, https:\/\/www.art-memorials.com\/wp-content\/uploads\/woocommerce-placeholder-100x100.png 100w, https:\/\/www.art-memorials.com\/wp-content\/uploads\/woocommerce-placeholder-64x64.png 64w, https:\/\/www.art-memorials.com\/wp-content\/uploads\/woocommerce-placeholder-300x300.png 300w, https:\/\/www.art-memorials.com\/wp-content\/uploads\/woocommerce-placeholder-1024x1024.png 1024w, https:\/\/www.art-memorials.com\/wp-content\/uploads\/woocommerce-placeholder-150x150.png 150w, https:\/\/www.art-memorials.com\/wp-content\/uploads\/woocommerce-placeholder-768x768.png 768w, https:\/\/www.art-memorials.com\/wp-content\/uploads\/woocommerce-placeholder-600x600.png 600w, https:\/\/www.art-memorials.com\/wp-content\/uploads\/woocommerce-placeholder-1150x1150.png 1150w, https:\/\/www.art-memorials.com\/wp-content\/uploads\/woocommerce-placeholder-750x750.png 750w, https:\/\/www.art-memorials.com\/wp-content\/uploads\/woocommerce-placeholder-400x400.png 400w, https:\/\/www.art-memorials.com\/wp-content\/uploads\/woocommerce-placeholder-68x68.png 68w, https:\/\/www.art-memorials.com\/wp-content\/uploads\/woocommerce-placeholder-250x250.png 250w, https:\/\/www.art-memorials.com\/wp-content\/uploads\/woocommerce-placeholder-350x350.png 350w, https:\/\/www.art-memorials.com\/wp-content\/uploads\/woocommerce-placeholder-75x75.png 75w, https:\/\/www.art-memorials.com\/wp-content\/uploads\/woocommerce-placeholder-370x370.png 370w, https:\/\/www.art-memorials.com\/wp-content\/uploads\/woocommerce-placeholder.png 1200w\" sizes=\"auto, (max-width: 800px) 100vw, 800px\" \/><\/div>\n\t\t\t\t\t<div class=\"wc-block-grid__product-title\">Die geometrische Taube<\/div>\n\t\t\t\t<\/a>\n\t\t\t\t<div class=\"wc-block-grid__product-price price\"><span class=\"woocommerce-Price-amount amount\"><span class=\"woocommerce-Price-currencySymbol\">&euro;<\/span>400,00<\/span><\/div>\n\t\t\t\t\n\t\t\t\t<div class=\"wp-block-button wc-block-grid__product-add-to-cart\"><a href=\"?add-to-cart=4430\" aria-label=\"In den Warenkorb legen: \u201eDie geometrische Taube\u201c\" data-quantity=\"1\" data-product_id=\"4430\" data-product_sku=\"KC01989\" data-price=\"400\" rel=\"nofollow\" class=\"wp-block-button__link  add_to_cart_button ajax_add_to_cart\">In den Warenkorb<\/a><\/div>\n\t\t\t<\/li><li class=\"wc-block-grid__product\">\n\t\t\t\t<a href=\"https:\/\/www.art-memorials.com\/de\/artwork\/luna\/\" class=\"wc-block-grid__product-link\">\n\t\t\t\t\t\n\t\t\t\t\t<div class=\"wc-block-grid__product-image\"><img loading=\"lazy\" decoding=\"async\" width=\"800\" height=\"800\" src=\"https:\/\/www.art-memorials.com\/wp-content\/uploads\/2022\/09\/Luna-800x800.jpg\" class=\"attachment-woocommerce_thumbnail size-woocommerce_thumbnail\" alt=\"Luna\" srcset=\"https:\/\/www.art-memorials.com\/wp-content\/uploads\/2022\/09\/Luna-800x800.jpg 800w, https:\/\/www.art-memorials.com\/wp-content\/uploads\/2022\/09\/Luna-100x100.jpg 100w, https:\/\/www.art-memorials.com\/wp-content\/uploads\/2022\/09\/Luna-1200x1200.jpg 1200w, https:\/\/www.art-memorials.com\/wp-content\/uploads\/2022\/09\/Luna-64x64.jpg 64w, https:\/\/www.art-memorials.com\/wp-content\/uploads\/2022\/09\/Luna-300x300.jpg 300w, https:\/\/www.art-memorials.com\/wp-content\/uploads\/2022\/09\/Luna-1024x1024.jpg 1024w, https:\/\/www.art-memorials.com\/wp-content\/uploads\/2022\/09\/Luna-150x150.jpg 150w, https:\/\/www.art-memorials.com\/wp-content\/uploads\/2022\/09\/Luna-768x768.jpg 768w, https:\/\/www.art-memorials.com\/wp-content\/uploads\/2022\/09\/Luna-1536x1536.jpg 1536w, https:\/\/www.art-memorials.com\/wp-content\/uploads\/2022\/09\/Luna-600x600.jpg 600w, https:\/\/www.art-memorials.com\/wp-content\/uploads\/2022\/09\/Luna-1150x1150.jpg 1150w, https:\/\/www.art-memorials.com\/wp-content\/uploads\/2022\/09\/Luna-750x750.jpg 750w, https:\/\/www.art-memorials.com\/wp-content\/uploads\/2022\/09\/Luna-400x400.jpg 400w, https:\/\/www.art-memorials.com\/wp-content\/uploads\/2022\/09\/Luna-68x68.jpg 68w, https:\/\/www.art-memorials.com\/wp-content\/uploads\/2022\/09\/Luna-250x250.jpg 250w, https:\/\/www.art-memorials.com\/wp-content\/uploads\/2022\/09\/Luna-350x350.jpg 350w, https:\/\/www.art-memorials.com\/wp-content\/uploads\/2022\/09\/Luna-75x75.jpg 75w, https:\/\/www.art-memorials.com\/wp-content\/uploads\/2022\/09\/Luna.jpg 2000w\" sizes=\"auto, (max-width: 800px) 100vw, 800px\" \/><\/div>\n\t\t\t\t\t<div class=\"wc-block-grid__product-title\">Luna<\/div>\n\t\t\t\t<\/a>\n\t\t\t\t<div class=\"wc-block-grid__product-price price\"><span class=\"woocommerce-Price-amount amount\"><span class=\"woocommerce-Price-currencySymbol\">&euro;<\/span>545,00<\/span><\/div>\n\t\t\t\t\n\t\t\t\t<div class=\"wp-block-button wc-block-grid__product-add-to-cart\"><a href=\"?add-to-cart=4318\" aria-label=\"In den Warenkorb legen: \u201eLuna\u201c\" data-quantity=\"1\" data-product_id=\"4318\" data-product_sku=\"KC30053\" data-price=\"545\" rel=\"nofollow\" class=\"wp-block-button__link  add_to_cart_button ajax_add_to_cart\">In den Warenkorb<\/a><\/div>\n\t\t\t<\/li><\/ul><\/div><\/div><\/div>","protected":false},"excerpt":{"rendered":"<p> [&hellip;]<\/p>\n","protected":false},"author":1,"featured_media":6009,"comment_status":"closed","ping_status":"closed","sticky":false,"template":"","format":"standard","meta":{"footnotes":""},"categories":[445],"tags":[],"class_list":["post-4446","post","type-post","status-publish","format-standard","has-post-thumbnail","hentry","category-artikel"],"yoast_head":"<!-- This site is optimized with the Yoast SEO plugin v24.4 - https:\/\/yoast.com\/wordpress\/plugins\/seo\/ -->\n<title>&quot;Symbolik f\u00fcr die Erinnerung&quot; &#8902; Art-Memorials.com<\/title>\n<meta name=\"description\" content=\"Symbole f\u00fcr die Erinnerung, welche Gedenkkunstwerke eine Beziehung zur Erinnerung haben, in memoriam und sich erinnern und das Leben sch\u00e4tzen, memento mori\" \/>\n<meta name=\"robots\" content=\"index, follow, max-snippet:-1, max-image-preview:large, max-video-preview:-1\" \/>\n<link rel=\"canonical\" href=\"https:\/\/www.art-memorials.com\/de\/symbolik-fuer-erinnerung-wahl-der-kuratoren-2023\/\" \/>\n<meta property=\"og:locale\" content=\"de_DE\" \/>\n<meta property=\"og:type\" content=\"article\" \/>\n<meta property=\"og:title\" content=\"&quot;Symbolik f\u00fcr die Erinnerung&quot; &#8902; Art-Memorials.com\" \/>\n<meta property=\"og:description\" content=\"Symbole f\u00fcr die Erinnerung, welche Gedenkkunstwerke eine Beziehung zur Erinnerung haben, in memoriam und sich erinnern und das Leben sch\u00e4tzen, memento mori\" \/>\n<meta property=\"og:url\" content=\"https:\/\/www.art-memorials.com\/de\/symbolik-fuer-erinnerung-wahl-der-kuratoren-2023\/\" \/>\n<meta property=\"og:site_name\" content=\"Art-Memorials\" \/>\n<meta property=\"article:published_time\" content=\"2023-04-16T14:48:13+00:00\" \/>\n<meta property=\"article:modified_time\" content=\"2025-03-23T15:40:14+00:00\" \/>\n<meta property=\"og:image\" content=\"https:\/\/www.art-memorials.com\/wp-content\/uploads\/2023\/04\/CryptoSpacer1__w3.cryptospace.it_bright_and_thoughtful_colors_a_3ccc3c38-76ab-4222-af06-cf88c35742b8.jpg\" \/>\n\t<meta property=\"og:image:width\" content=\"1536\" \/>\n\t<meta property=\"og:image:height\" content=\"1024\" \/>\n\t<meta property=\"og:image:type\" content=\"image\/jpeg\" \/>\n<meta name=\"author\" content=\"DIMA\" \/>\n<meta name=\"twitter:card\" content=\"summary_large_image\" \/>\n<meta name=\"twitter:label1\" content=\"Verfasst von\" \/>\n\t<meta name=\"twitter:data1\" content=\"DIMA\" \/>\n\t<meta name=\"twitter:label2\" content=\"Gesch\u00e4tzte Lesezeit\" \/>\n\t<meta name=\"twitter:data2\" content=\"4\u00a0Minuten\" \/>\n<script type=\"application\/ld+json\" class=\"yoast-schema-graph\">{\"@context\":\"https:\/\/schema.org\",\"@graph\":[{\"@type\":\"WebPage\",\"@id\":\"https:\/\/www.art-memorials.com\/de\/symbolik-fuer-erinnerung-wahl-der-kuratoren-2023\/\",\"url\":\"https:\/\/www.art-memorials.com\/de\/symbolik-fuer-erinnerung-wahl-der-kuratoren-2023\/\",\"name\":\"\\\"Symbolik f\u00fcr die Erinnerung\\\" &#8902; Art-Memorials.com\",\"isPartOf\":{\"@id\":\"http:\/\/www.art-memorials.com\/de\/#website\"},\"primaryImageOfPage\":{\"@id\":\"https:\/\/www.art-memorials.com\/de\/symbolik-fuer-erinnerung-wahl-der-kuratoren-2023\/#primaryimage\"},\"image\":{\"@id\":\"https:\/\/www.art-memorials.com\/de\/symbolik-fuer-erinnerung-wahl-der-kuratoren-2023\/#primaryimage\"},\"thumbnailUrl\":\"https:\/\/www.art-memorials.com\/wp-content\/uploads\/2023\/04\/CryptoSpacer1__w3.cryptospace.it_bright_and_thoughtful_colors_a_3ccc3c38-76ab-4222-af06-cf88c35742b8.jpg\",\"datePublished\":\"2023-04-16T14:48:13+00:00\",\"dateModified\":\"2025-03-23T15:40:14+00:00\",\"author\":{\"@id\":\"http:\/\/www.art-memorials.com\/de\/#\/schema\/person\/b15f02e1c341d6ec714cc952b65fcc64\"},\"description\":\"Symbole f\u00fcr die Erinnerung, welche Gedenkkunstwerke eine Beziehung zur Erinnerung haben, in memoriam und sich erinnern und das Leben sch\u00e4tzen, memento mori\",\"breadcrumb\":{\"@id\":\"https:\/\/www.art-memorials.com\/de\/symbolik-fuer-erinnerung-wahl-der-kuratoren-2023\/#breadcrumb\"},\"inLanguage\":\"de\",\"potentialAction\":[{\"@type\":\"ReadAction\",\"target\":[\"https:\/\/www.art-memorials.com\/de\/symbolik-fuer-erinnerung-wahl-der-kuratoren-2023\/\"]}]},{\"@type\":\"ImageObject\",\"inLanguage\":\"de\",\"@id\":\"https:\/\/www.art-memorials.com\/de\/symbolik-fuer-erinnerung-wahl-der-kuratoren-2023\/#primaryimage\",\"url\":\"https:\/\/www.art-memorials.com\/wp-content\/uploads\/2023\/04\/CryptoSpacer1__w3.cryptospace.it_bright_and_thoughtful_colors_a_3ccc3c38-76ab-4222-af06-cf88c35742b8.jpg\",\"contentUrl\":\"https:\/\/www.art-memorials.com\/wp-content\/uploads\/2023\/04\/CryptoSpacer1__w3.cryptospace.it_bright_and_thoughtful_colors_a_3ccc3c38-76ab-4222-af06-cf88c35742b8.jpg\",\"width\":1536,\"height\":1024,\"caption\":\"Symbolism for Memory Funeral and Cremation Art Memorials for sale\"},{\"@type\":\"BreadcrumbList\",\"@id\":\"https:\/\/www.art-memorials.com\/de\/symbolik-fuer-erinnerung-wahl-der-kuratoren-2023\/#breadcrumb\",\"itemListElement\":[{\"@type\":\"ListItem\",\"position\":1,\"name\":\"Home\",\"item\":\"https:\/\/www.art-memorials.com\/de\/\"},{\"@type\":\"ListItem\",\"position\":2,\"name\":\"&#8220;Symbolik f\u00fcr die Erinnerung&#8221;\"}]},{\"@type\":\"WebSite\",\"@id\":\"http:\/\/www.art-memorials.com\/de\/#website\",\"url\":\"http:\/\/www.art-memorials.com\/de\/\",\"name\":\"Art-Memorials\",\"description\":\"Exclusive Cremation Urns, Ash Paintings, and Sculptures\",\"potentialAction\":[{\"@type\":\"SearchAction\",\"target\":{\"@type\":\"EntryPoint\",\"urlTemplate\":\"http:\/\/www.art-memorials.com\/de\/?s={search_term_string}\"},\"query-input\":{\"@type\":\"PropertyValueSpecification\",\"valueRequired\":true,\"valueName\":\"search_term_string\"}}],\"inLanguage\":\"de\"},{\"@type\":\"Person\",\"@id\":\"http:\/\/www.art-memorials.com\/de\/#\/schema\/person\/b15f02e1c341d6ec714cc952b65fcc64\",\"name\":\"DIMA\",\"sameAs\":[\"http:\/\/art-memorials.com\"],\"url\":\"https:\/\/www.art-memorials.com\/de\/author\/admin\/\"}]}<\/script>\n<!-- \/ Yoast SEO plugin. -->","yoast_head_json":{"title":"\"Symbolik f\u00fcr die Erinnerung\" &#8902; Art-Memorials.com","description":"Symbole f\u00fcr die Erinnerung, welche Gedenkkunstwerke eine Beziehung zur Erinnerung haben, in memoriam und sich erinnern und das Leben sch\u00e4tzen, memento mori","robots":{"index":"index","follow":"follow","max-snippet":"max-snippet:-1","max-image-preview":"max-image-preview:large","max-video-preview":"max-video-preview:-1"},"canonical":"https:\/\/www.art-memorials.com\/de\/symbolik-fuer-erinnerung-wahl-der-kuratoren-2023\/","og_locale":"de_DE","og_type":"article","og_title":"\"Symbolik f\u00fcr die Erinnerung\" &#8902; Art-Memorials.com","og_description":"Symbole f\u00fcr die Erinnerung, welche Gedenkkunstwerke eine Beziehung zur Erinnerung haben, in memoriam und sich erinnern und das Leben sch\u00e4tzen, memento mori","og_url":"https:\/\/www.art-memorials.com\/de\/symbolik-fuer-erinnerung-wahl-der-kuratoren-2023\/","og_site_name":"Art-Memorials","article_published_time":"2023-04-16T14:48:13+00:00","article_modified_time":"2025-03-23T15:40:14+00:00","og_image":[{"width":1536,"height":1024,"url":"https:\/\/www.art-memorials.com\/wp-content\/uploads\/2023\/04\/CryptoSpacer1__w3.cryptospace.it_bright_and_thoughtful_colors_a_3ccc3c38-76ab-4222-af06-cf88c35742b8.jpg","type":"image\/jpeg"}],"author":"DIMA","twitter_card":"summary_large_image","twitter_misc":{"Verfasst von":"DIMA","Gesch\u00e4tzte Lesezeit":"4\u00a0Minuten"},"schema":{"@context":"https:\/\/schema.org","@graph":[{"@type":"WebPage","@id":"https:\/\/www.art-memorials.com\/de\/symbolik-fuer-erinnerung-wahl-der-kuratoren-2023\/","url":"https:\/\/www.art-memorials.com\/de\/symbolik-fuer-erinnerung-wahl-der-kuratoren-2023\/","name":"\"Symbolik f\u00fcr die Erinnerung\" &#8902; Art-Memorials.com","isPartOf":{"@id":"http:\/\/www.art-memorials.com\/de\/#website"},"primaryImageOfPage":{"@id":"https:\/\/www.art-memorials.com\/de\/symbolik-fuer-erinnerung-wahl-der-kuratoren-2023\/#primaryimage"},"image":{"@id":"https:\/\/www.art-memorials.com\/de\/symbolik-fuer-erinnerung-wahl-der-kuratoren-2023\/#primaryimage"},"thumbnailUrl":"https:\/\/www.art-memorials.com\/wp-content\/uploads\/2023\/04\/CryptoSpacer1__w3.cryptospace.it_bright_and_thoughtful_colors_a_3ccc3c38-76ab-4222-af06-cf88c35742b8.jpg","datePublished":"2023-04-16T14:48:13+00:00","dateModified":"2025-03-23T15:40:14+00:00","author":{"@id":"http:\/\/www.art-memorials.com\/de\/#\/schema\/person\/b15f02e1c341d6ec714cc952b65fcc64"},"description":"Symbole f\u00fcr die Erinnerung, welche Gedenkkunstwerke eine Beziehung zur Erinnerung haben, in memoriam und sich erinnern und das Leben sch\u00e4tzen, memento mori","breadcrumb":{"@id":"https:\/\/www.art-memorials.com\/de\/symbolik-fuer-erinnerung-wahl-der-kuratoren-2023\/#breadcrumb"},"inLanguage":"de","potentialAction":[{"@type":"ReadAction","target":["https:\/\/www.art-memorials.com\/de\/symbolik-fuer-erinnerung-wahl-der-kuratoren-2023\/"]}]},{"@type":"ImageObject","inLanguage":"de","@id":"https:\/\/www.art-memorials.com\/de\/symbolik-fuer-erinnerung-wahl-der-kuratoren-2023\/#primaryimage","url":"https:\/\/www.art-memorials.com\/wp-content\/uploads\/2023\/04\/CryptoSpacer1__w3.cryptospace.it_bright_and_thoughtful_colors_a_3ccc3c38-76ab-4222-af06-cf88c35742b8.jpg","contentUrl":"https:\/\/www.art-memorials.com\/wp-content\/uploads\/2023\/04\/CryptoSpacer1__w3.cryptospace.it_bright_and_thoughtful_colors_a_3ccc3c38-76ab-4222-af06-cf88c35742b8.jpg","width":1536,"height":1024,"caption":"Symbolism for Memory Funeral and Cremation Art Memorials for sale"},{"@type":"BreadcrumbList","@id":"https:\/\/www.art-memorials.com\/de\/symbolik-fuer-erinnerung-wahl-der-kuratoren-2023\/#breadcrumb","itemListElement":[{"@type":"ListItem","position":1,"name":"Home","item":"https:\/\/www.art-memorials.com\/de\/"},{"@type":"ListItem","position":2,"name":"&#8220;Symbolik f\u00fcr die Erinnerung&#8221;"}]},{"@type":"WebSite","@id":"http:\/\/www.art-memorials.com\/de\/#website","url":"http:\/\/www.art-memorials.com\/de\/","name":"Art-Memorials","description":"Exclusive Cremation Urns, Ash Paintings, and Sculptures","potentialAction":[{"@type":"SearchAction","target":{"@type":"EntryPoint","urlTemplate":"http:\/\/www.art-memorials.com\/de\/?s={search_term_string}"},"query-input":{"@type":"PropertyValueSpecification","valueRequired":true,"valueName":"search_term_string"}}],"inLanguage":"de"},{"@type":"Person","@id":"http:\/\/www.art-memorials.com\/de\/#\/schema\/person\/b15f02e1c341d6ec714cc952b65fcc64","name":"DIMA","sameAs":["http:\/\/art-memorials.com"],"url":"https:\/\/www.art-memorials.com\/de\/author\/admin\/"}]}},"featured_image_src":"https:\/\/www.art-memorials.com\/wp-content\/uploads\/2023\/04\/CryptoSpacer1__w3.cryptospace.it_bright_and_thoughtful_colors_a_3ccc3c38-76ab-4222-af06-cf88c35742b8-600x400.jpg","featured_image_src_square":"https:\/\/www.art-memorials.com\/wp-content\/uploads\/2023\/04\/CryptoSpacer1__w3.cryptospace.it_bright_and_thoughtful_colors_a_3ccc3c38-76ab-4222-af06-cf88c35742b8-600x600.jpg","author_info":{"display_name":"DIMA","author_link":"https:\/\/www.art-memorials.com\/de\/author\/admin\/"},"_links":{"self":[{"href":"https:\/\/www.art-memorials.com\/de\/wp-json\/wp\/v2\/posts\/4446","targetHints":{"allow":["GET"]}}],"collection":[{"href":"https:\/\/www.art-memorials.com\/de\/wp-json\/wp\/v2\/posts"}],"about":[{"href":"https:\/\/www.art-memorials.com\/de\/wp-json\/wp\/v2\/types\/post"}],"author":[{"embeddable":true,"href":"https:\/\/www.art-memorials.com\/de\/wp-json\/wp\/v2\/users\/1"}],"replies":[{"embeddable":true,"href":"https:\/\/www.art-memorials.com\/de\/wp-json\/wp\/v2\/comments?post=4446"}],"version-history":[{"count":0,"href":"https:\/\/www.art-memorials.com\/de\/wp-json\/wp\/v2\/posts\/4446\/revisions"}],"wp:featuredmedia":[{"embeddable":true,"href":"https:\/\/www.art-memorials.com\/de\/wp-json\/wp\/v2\/media\/6009"}],"wp:attachment":[{"href":"https:\/\/www.art-memorials.com\/de\/wp-json\/wp\/v2\/media?parent=4446"}],"wp:term":[{"taxonomy":"category","embeddable":true,"href":"https:\/\/www.art-memorials.com\/de\/wp-json\/wp\/v2\/categories?post=4446"},{"taxonomy":"post_tag","embeddable":true,"href":"https:\/\/www.art-memorials.com\/de\/wp-json\/wp\/v2\/tags?post=4446"}],"curies":[{"name":"wp","href":"https:\/\/api.w.org\/{rel}","templated":true}]}}